{"id":6237,"date":"2025-08-11T08:26:12","date_gmt":"2025-08-11T07:26:12","guid":{"rendered":"https:\/\/euronics.hu\/blog\/?p=6237"},"modified":"2025-10-07T05:43:48","modified_gmt":"2025-10-07T04:43:48","slug":"nyari-etelek-airfryerben","status":"publish","type":"post","link":"https:\/\/euronics.hu\/blog\/nyari-etelek-airfryerben\/","title":{"rendered":"Top 6 \u00e9tel airfryerben \u2013 Eg\u00e9szs\u00e9ges, gyors \u00e9s \u00edzletes receptek"},"content":{"rendered":"\n<p>Mindenki keresi a megold\u00e1st arra, hogyan lehet eg\u00e9szs\u00e9gesen \u00e9s gyorsan f\u0151zni a forr\u00f3 konyh\u00e1ban. Ha te is szereted a ropog\u00f3s, \u00edzletes \u00e9teleket, de nem szeretn\u00e9l \u00f3r\u00e1kat a t\u0171zhely mellett \u00e1llni vagy egy hagyom\u00e1nyos s\u00fct\u0151 meleg\u00e9t elviselni, az airfryer, azaz a forr\u00f3leveg\u0151s frit\u0151z a legjobb bar\u00e1tod lehet.<\/p>\n\n\n\n<figure class=\"wp-block-image size-full\"><img loading=\"lazy\" decoding=\"async\" width=\"1000\" height=\"600\" data-cfasync='true' data-cfasync='true' src=\"https:\/\/euronics.hu\/blog\/wp-content\/uploads\/2025\/08\/airfryerben-sult-csirke.jpg\" alt=\"\" class=\"wp-image-6238\" srcset=\"https:\/\/euronics.hu\/blog\/wp-content\/uploads\/2025\/08\/airfryerben-sult-csirke.jpg 1000w, https:\/\/euronics.hu\/blog\/wp-content\/uploads\/2025\/08\/airfryerben-sult-csirke-300x180.jpg 300w, https:\/\/euronics.hu\/blog\/wp-content\/uploads\/2025\/08\/airfryerben-sult-csirke-768x461.jpg 768w, https:\/\/euronics.hu\/blog\/wp-content\/uploads\/2025\/08\/airfryerben-sult-csirke-551x331.jpg 551w, https:\/\/euronics.hu\/blog\/wp-content\/uploads\/2025\/08\/airfryerben-sult-csirke-542x325.jpg 542w\" sizes=\"auto, (max-width: 1000px) 100vw, 1000px\" \/><\/figure>\n\n\n<h2 data-start=\"663\" data-end=\"707\">Mi\u00e9rt az airfryer a konyha szt\u00e1rja?<\/h2>\n<p data-start=\"709\" data-end=\"960\">Az <a href=\"https:\/\/euronics.hu\/haztartasi-kisgepek\/sutes-fozes\/airfryer-es-olajsuto-c1594255?utm_source=blog&amp;utm_medium=textlink&amp;utm_campaign=250811airfryer&amp;utm_term=airfryer\" data-cfasync=\"true\">airfryer<\/a> nem csup\u00e1n egy \u00fajabb konyhai eszk\u00f6z, hanem egy igazi forradalom a h\u00e1ztart\u00e1sokban. M\u0171k\u00f6d\u00e9si elve egyszer\u0171: forr\u00f3 leveg\u0151t keringet nagy sebess\u00e9ggel, amivel s\u00fclt \u00e9telekhez hasonl\u00f3 \u00e1llagot \u00e9s ropog\u00f3ss\u00e1got \u00e9r el minim\u00e1lis olaj felhaszn\u00e1l\u00e1s\u00e1val. \u00a0Ezzel nemcsak a komfort\u00e9rzet\u00fcnk n\u0151, de az energiasz\u00e1ml\u00e1n is sp\u00f3rolhatunk<\/p>\n<p data-start=\"962\" data-end=\"1014\">Ez a technol\u00f3gia k\u00fcl\u00f6n\u00f6sen el\u0151ny\u00f6s, hiszen:<\/p>\n<ul data-start=\"1015\" data-end=\"1253\">\n<li data-start=\"1015\" data-end=\"1096\">\n<p data-start=\"1017\" data-end=\"1096\">Nem meleg\u00edti fel a konyh\u00e1t, \u00edgy elker\u00fclheted a k\u00e1nikula okozta felforr\u00f3sod\u00e1st<\/p>\n<\/li>\n<li data-start=\"1097\" data-end=\"1153\">\n<p data-start=\"1099\" data-end=\"1153\">Gyorsabb, mint a hagyom\u00e1nyos s\u00fct\u0151, \u00edgy id\u0151t sp\u00f3rolsz<\/p>\n<\/li>\n<li data-start=\"1154\" data-end=\"1203\">\n<p data-start=\"1156\" data-end=\"1203\">Eg\u00e9szs\u00e9gesebb, mert kevesebb olajjal s\u00fcthetsz<\/p>\n<\/li>\n<li data-start=\"1204\" data-end=\"1253\">\n<p data-start=\"1206\" data-end=\"1253\">K\u00f6nny\u0171 tiszt\u00edtani, mivel a\u00a0takar\u00edt\u00e1sa pedig gyerekj\u00e1t\u00e9k, \u00edgy a mosogat\u00e1ssal t\u00f6lt\u00f6tt id\u0151 is a m\u00falt\u00e9.<\/p>\n<\/li>\n<\/ul>\n\n\n<h2 class=\"wp-block-heading\"><strong>Kihagyhatatlan 6 recept, amelyekkel k\u00f6nnyebb lesz a f\u0151z\u00e9s:<\/strong><\/h2>\n\n\n\n<p>L\u00e1ssuk, milyen \u00ednycsikland\u00f3 \u00e9s szezon\u00e1lis \u00e9teleket k\u00e9sz\u00edthet\u00fcnk el pillanatok alatt, hogy a legt\u00f6bbet hozzuk ki a konyhai eszk\u00f6z\u00fcnkb\u0151l!<\/p>\n\n\n\n<p><strong>T\u00f6k\u00e9letesre s\u00fclt, f\u0171szeres csirkemell<\/strong><\/p>\n\n\n\n<p>A grillezett csirke az egyik alap\u00e9tel\u00fcnk, de nem mindenkinek van lehet\u0151s\u00e9ge hosszas s\u00fct\u00f6get\u00e9sre. Az airfryerrel azonban t\u00f6k\u00e9letesen szaftos, k\u00edv\u00fcl pedig enyh\u00e9n pirult csirkemellet k\u00e9sz\u00edthet\u00fcnk. P\u00e1cold be a h\u00fasszeleteket egy egyszer\u0171, citromos-z\u00f6ldf\u0171szeres (rozmaring, kakukkf\u0171) p\u00e1cba egy kis fokhagym\u00e1val, majd s\u00fcsd \u0151ket 180\u00b0C-on k\u00f6r\u00fclbel\u00fcl 15-20 percig. Az eredm\u00e9ny egy k\u00f6nny\u0171, feh\u00e9rjed\u00fas f\u0151\u00e9tel, ami fantasztikusan passzol egy friss, ropog\u00f3s sal\u00e1t\u00e1hoz.<\/p>\n\n\n\n<p><strong>Ropog\u00f3s cukkinichips, a b\u0171ntudatmentes nasi<\/strong><\/p>\n\n\n\n<p>&nbsp;Ahelyett, hogy r\u00e1ntva k\u00e9sz\u00edten\u00e9d el a cukkinit, pr\u00f3b\u00e1ld ki ezt az eg\u00e9szs\u00e9ges alternat\u00edv\u00e1t! V\u00e1gd a cukkinit v\u00e9kony karik\u00e1kra, forgasd meg egy kan\u00e1l ol\u00edvaolajban, s\u00f3ban, borsban \u00e9s egy kev\u00e9s reszelt parmez\u00e1nban. N\u00e9h\u00e1ny perc alatt aranybarna, ropog\u00f3s chipset kapsz, ami t\u00f6k\u00e9letes vend\u00e9gv\u00e1r\u00f3 falat vagy d\u00e9lut\u00e1ni nassolnival\u00f3 an\u00e9lk\u00fcl, hogy elnehez\u00edtene.<\/p>\n\n\n\n<h2 class=\"wp-block-heading\">Vigy\u00e9l bele egy kis szezonalit\u00e1st<\/h2>\n\n\n\n<p><strong>Mediterr\u00e1n garn\u00e9lar\u00e1kny\u00e1rsak percek alatt<\/strong><\/p>\n\n\n\n<p>Ha egy igaz\u00e1n gyors, m\u00e9gis eleg\u00e1ns fog\u00e1sra v\u00e1gysz, a garn\u00e9la a te v\u00e1laszt\u00e1sod. F\u0171szerezd a r\u00e1kokat fokhagym\u00e1val, chilivel, egy csipet f\u00fcst\u00f6lt paprik\u00e1val \u00e9s friss petrezselyemmel, majd t\u0171zd \u0151ket kis fap\u00e1lcik\u00e1kra. Az airfryerben mind\u00f6ssze 5-7 percre van sz\u00fcks\u00e9g\u00fck ahhoz, hogy t\u00f6k\u00e9letesen \u00e1ts\u00fcljenek. T\u00e1lald egy kis citroml\u00e9vel meglocsolva, \u00e9s m\u00e1ris a tengerparton \u00e9rezheted magad.<\/p>\n\n\n\n<p><strong>Grillezett \u0151szibarack, a ny\u00e1r \u00edze desszertk\u00e9nt<\/strong><\/p>\n\n\n\n<p>Ki mondta, hogy az airfryer csak s\u00f3s \u00e9telekhez j\u00f3? Haszn\u00e1ld ki a szezon\u00e1lis gy\u00fcm\u00f6lcs\u00f6ket, \u00e9s k\u00e9sz\u00edts egy leny\u0171g\u00f6z\u0151 desszertet! Felezz el n\u00e9h\u00e1ny \u00e9rett \u0151szibarackot, vedd ki a magj\u00e1t, sz\u00f3rd meg egy kev\u00e9s fah\u00e9jjal \u00e9s barna cukorral. P\u00e1r perc s\u00fct\u00e9s ut\u00e1n a barack karamelliz\u00e1l\u00f3dik \u00e9s megpuhul. T\u00e1lald egy gomb\u00f3c van\u00edliafagylalttal \u2013 a meleg gy\u00fcm\u00f6lcs \u00e9s a hideg fagyi kontrasztja felejthetetlen \u00e9lm\u00e9ny.<\/p>\n\n\n\n<p><strong>Sz\u00ednes, t\u00f6lt\u00f6tt kaliforniai paprika<\/strong><\/p>\n\n\n\n<p>Egy teljes \u00e9rt\u00e9k\u0171, m\u00e9gis k\u00f6nnyed eb\u00e9d vagy vacsora lehet a t\u00f6lt\u00f6tt paprika. A hagyom\u00e1nyos dar\u00e1lt h\u00fasos verzi\u00f3 helyett pr\u00f3b\u00e1lj ki egy mediterr\u00e1n, h\u00fasmentes t\u00f6ltel\u00e9ket: f\u0151tt kuszkusz vagy quinoa, apr\u00f3ra v\u00e1gott paradicsom, uborka, feta sajt \u00e9s friss menta kever\u00e9ke. T\u00f6ltsd meg a f\u00e9lbev\u00e1gott kaliforniai paprik\u00e1kat, \u00e9s s\u00fcsd \u0151ket puh\u00e1ra az airfryerben. Sz\u00ednes, t\u00e1pl\u00e1l\u00f3 \u00e9s isteni finom.<\/p>\n\n\n\n<p><strong>Vill\u00e1mgyors mini pizz\u00e1k az eg\u00e9sz csal\u00e1dnak<\/strong><\/p>\n\n\n\n<p>A pizza mindenki kedvence, de nem mindenki akarja bekapcsolni \u00e9s felmeleg\u00edteni 250\u00b0C-ra a s\u00fct\u0151t. Haszn\u00e1lj pit\u00e1t vagy tortillalapot alapnak, kend meg paradicsomsz\u00f3sszal, \u00e9s pakold meg kedvenc felt\u00e9teiddel: sonk\u00e1val, gomb\u00e1val, mozzarell\u00e1val. P\u00e1r perc alatt k\u00e9szre s\u00fcl az airfryerben, \u00e9s mindenki a saj\u00e1t \u00edzl\u00e9se szerint \u00e1ll\u00edthatja \u00f6ssze a mini pizz\u00e1j\u00e1t.<\/p>\n\n\n\n<h2 class=\"wp-block-heading\">Praktikus tippek az airfryer haszn\u00e1lat\u00e1hoz&nbsp;<\/h2>\n\n\n\n<ul class=\"wp-block-list\">\n<li>Ne zs\u00fafold t\u00fal a kosarat, hogy a leveg\u0151 j\u00f3l \u00e1ramolhasson az \u00e9telek k\u00f6z\u00f6tt<\/li>\n\n\n\n<li>Haszn\u00e1lj kev\u00e9s, min\u0151s\u00e9gi olajat, p\u00e9ld\u00e1ul extra sz\u0171z ol\u00edvaolajat<\/li>\n\n\n\n<li>Alkalmazz k\u00fcl\u00f6nb\u00f6z\u0151 f\u0171szerez\u00e9seket \u00e9s friss z\u00f6ldf\u0171szereket a v\u00e1ltozatoss\u00e1g\u00e9rt<\/li>\n\n\n\n<li>Rendszeresen tiszt\u00edtsd az eszk\u00f6zt a tart\u00f3s, hibamentes m\u0171k\u00f6d\u00e9s\u00e9rt<\/li>\n\n\n\n<li>Ha vend\u00e9geket v\u00e1rsz, k\u00e9sz\u00edts el\u0151 t\u00f6bbf\u00e9le kis adag \u00e9telt \u2013 \u00edgy mindenki megtal\u00e1lja a kedvenc\u00e9t<\/li>\n<\/ul>\n\n\n\n<p>Ahogy l\u00e1thatod, az airfryer sokkal t\u00f6bb, mint egy eszk\u00f6z a fagyasztott has\u00e1bburgonya elk\u00e9sz\u00edt\u00e9s\u00e9hez. Egy sokoldal\u00fa konyhai partner, amely seg\u00edt, hogy v\u00e1ltozatos, gyors \u00e9s eg\u00e9szs\u00e9ges \u00e9teleket tehess az asztalra an\u00e9lk\u00fcl, hogy \u00f3r\u00e1kat t\u00f6lten\u00e9l a konyh\u00e1ban. Merj k\u00eds\u00e9rletezni a szezon\u00e1lis z\u00f6lds\u00e9gekkel, gy\u00fcm\u00f6lcs\u00f6kkel \u00e9s f\u0171szerekkel, \u00e9s fedezd fel a forr\u00f3leveg\u0151s s\u00fct\u00e9sben rejl\u0151 v\u00e9gtelen lehet\u0151s\u00e9geket!<\/p>\n\n\n\n<p>Ha szeretn\u00e9d k\u00f6nnyed\u00e9n elk\u00e9sz\u00edteni ezeket a finoms\u00e1gokat, b\u00f6ng\u00e9szd \u00e1t az <a data-cfasync=\"true\" href=\"https:\/\/euronics.hu\/haztartasi-kisgepek\/sutes-fozes\/airfryer-es-olajsuto-c1594255?utm_source=blog&amp;utm_medium=textlink&amp;utm_campaign=250811airfryer&amp;utm_term=airfryer\">Euronics sz\u00e9les airfryer <\/a>k\u00edn\u00e1lat\u00e1t, \u00e9s tal\u00e1ld meg a sz\u00e1modra legmegfelel\u0151bb k\u00e9sz\u00fcl\u00e9ket a  konyhai kalandokhoz. Ez ennyi<\/p>\n\n\n\n<p><\/p>\n","protected":false},"excerpt":{"rendered":"Mindenki keresi a megold\u00e1st arra, hogyan lehet eg\u00e9szs\u00e9gesen \u00e9s gyorsan f\u0151zni a forr\u00f3 konyh\u00e1ban. Ha te is szereted a ropog\u00f3s, \u00edzletes \u00e9teleket, de nem szeretn\u00e9l \u00f3r\u00e1kat a t\u0171zhely mellett \u00e1llni vagy egy hagyom\u00e1nyos s\u00fct\u0151 meleg\u00e9t elviselni, az airfryer, azaz a forr\u00f3leveg\u0151s frit\u0151z a legjobb bar\u00e1tod lehet. Mi\u00e9rt az airfryer a konyha szt\u00e1rja? Az airfryer nem [&hellip;]","protected":false},"author":29,"featured_media":6239,"comment_status":"open","ping_status":"open","sticky":false,"template":"","format":"standard","meta":{"footnotes":""},"categories":[521,921,691],"tags":[1058,1059,699],"class_list":["post-6237","post","type-post","status-publish","format-standard","has-post-thumbnail","hentry","category-haztartasi-kisgepek","category-konyha","category-recept","tag-airfryer","tag-nyari-etelek-airfryerben","tag-recept"],"_links":{"self":[{"href":"https:\/\/euronics.hu\/blog\/wp-json\/wp\/v2\/posts\/6237","targetHints":{"allow":["GET"]}}],"collection":[{"href":"https:\/\/euronics.hu\/blog\/wp-json\/wp\/v2\/posts"}],"about":[{"href":"https:\/\/euronics.hu\/blog\/wp-json\/wp\/v2\/types\/post"}],"author":[{"embeddable":true,"href":"https:\/\/euronics.hu\/blog\/wp-json\/wp\/v2\/users\/29"}],"replies":[{"embeddable":true,"href":"https:\/\/euronics.hu\/blog\/wp-json\/wp\/v2\/comments?post=6237"}],"version-history":[{"count":4,"href":"https:\/\/euronics.hu\/blog\/wp-json\/wp\/v2\/posts\/6237\/revisions"}],"predecessor-version":[{"id":6373,"href":"https:\/\/euronics.hu\/blog\/wp-json\/wp\/v2\/posts\/6237\/revisions\/6373"}],"wp:featuredmedia":[{"embeddable":true,"href":"https:\/\/euronics.hu\/blog\/wp-json\/wp\/v2\/media\/6239"}],"wp:attachment":[{"href":"https:\/\/euronics.hu\/blog\/wp-json\/wp\/v2\/media?parent=6237"}],"wp:term":[{"taxonomy":"category","embeddable":true,"href":"https:\/\/euronics.hu\/blog\/wp-json\/wp\/v2\/categories?post=6237"},{"taxonomy":"post_tag","embeddable":true,"href":"https:\/\/euronics.hu\/blog\/wp-json\/wp\/v2\/tags?post=6237"}],"curies":[{"name":"wp","href":"https:\/\/api.w.org\/{rel}","templated":true}]}}