{"id":6544,"date":"2026-01-03T16:11:18","date_gmt":"2026-01-03T15:11:18","guid":{"rendered":"https:\/\/euronics.hu\/blog\/?p=6544"},"modified":"2025-12-22T16:14:43","modified_gmt":"2025-12-22T15:14:43","slug":"tv-falra-szerelese-igy-csinald-biztonsagosan-es-profin","status":"publish","type":"post","link":"https:\/\/euronics.hu\/blog\/tv-falra-szerelese-igy-csinald-biztonsagosan-es-profin\/","title":{"rendered":"TV falra szerel\u00e9se \u2013 \u00edgy csin\u00e1ld biztons\u00e1gosan \u00e9s profin"},"content":{"rendered":"\n<p>A TV falra szerel\u00e9se sz\u00e1mos el\u0151nnyel j\u00e1r: helyet takar\u00edt meg, eszt\u00e9tikusabb\u00e1 teszi a nappalit, \u00e9s cs\u00f6kkenti a balesetvesz\u00e9lyt. Azonban kulcsfontoss\u00e1g\u00fa a megfelel\u0151 fali konzol kiv\u00e1laszt\u00e1sa \u00e9s a prec\u00edz r\u00f6gz\u00edt\u00e9s, k\u00fcl\u00f6n\u00f6sen gipszkarton fal eset\u00e9n. \u00datmutat\u00f3nk bemutatja, milyen szempontokat kell figyelembe venni a konzol kiv\u00e1laszt\u00e1sakor, \u00e9s hogyan szerelhet\u0151 fel biztons\u00e1gosan a telev\u00edzi\u00f3.<\/p>\n\n\n\n<h2 class=\"wp-block-heading\"><a><\/a>Mi\u00e9rt szerelj\u00fck falra a t\u00e9v\u00e9t?<\/h2>\n\n\n\n<figure class=\"wp-block-image size-full\"><img loading=\"lazy\" decoding=\"async\" width=\"1000\" height=\"600\" src=\"https:\/\/euronics.hu\/blog\/wp-content\/uploads\/2025\/12\/TV-01.jpg\" alt=\"\" class=\"wp-image-6546\" srcset=\"https:\/\/euronics.hu\/blog\/wp-content\/uploads\/2025\/12\/TV-01.jpg 1000w, https:\/\/euronics.hu\/blog\/wp-content\/uploads\/2025\/12\/TV-01-300x180.jpg 300w, https:\/\/euronics.hu\/blog\/wp-content\/uploads\/2025\/12\/TV-01-768x461.jpg 768w, https:\/\/euronics.hu\/blog\/wp-content\/uploads\/2025\/12\/TV-01-551x331.jpg 551w, https:\/\/euronics.hu\/blog\/wp-content\/uploads\/2025\/12\/TV-01-542x325.jpg 542w\" sizes=\"auto, (max-width: 1000px) 100vw, 1000px\" \/><\/figure>\n\n\n\n<p>A falra szerel\u00e9s nem csup\u00e1n diz\u00e1jnk\u00e9rd\u00e9s. Sz\u00e1mos gyakorlati el\u0151nnyel is j\u00e1r:<\/p>\n\n\n\n<ul class=\"wp-block-list\">\n<li>Helytakar\u00e9koss\u00e1g: Nincs sz\u00fcks\u00e9g t\u00e9v\u00e9\u00e1llv\u00e1nyra, \u00edgy t\u00f6bb szabad t\u00e9r marad.<\/li>\n\n\n\n<li>Biztons\u00e1g: Kisgyermekes h\u00e1ztart\u00e1sokban elker\u00fclhet\u0151, hogy a t\u00e9v\u00e9 felboruljon.<\/li>\n\n\n\n<li>K\u00e1belmenedzsment: A vezet\u00e9keket k\u00f6nnyebben elrejthetj\u00fck, rendezettebb\u00e9 v\u00e1lik a t\u00e9r.<\/li>\n\n\n\n<li>Ide\u00e1lis n\u00e9z\u00e9si sz\u00f6g: A konzol seg\u00edts\u00e9g\u00e9vel be\u00e1ll\u00edthatjuk a legk\u00e9nyelmesebb l\u00e1t\u00f3sz\u00f6get.<\/li>\n<\/ul>\n\n\n\n<h2 class=\"wp-block-heading\"><a><\/a>Milyen fali TV konzolt v\u00e1lasszunk?<\/h2>\n\n\n\n<p>A konzol kiv\u00e1laszt\u00e1sakor figyelembe kell venni a TV m\u00e9ret\u00e9t, s\u00faly\u00e1t, a fal anyag\u00e1t \u00e9s a k\u00edv\u00e1nt mozgathat\u00f3s\u00e1got. Az al\u00e1bbi t\u00edpusok a leggyakoribbak:<\/p>\n\n\n\n<h3 class=\"wp-block-heading\"><a><\/a>Fix fali konzol<\/h3>\n\n\n\n<p>Ez a legegyszer\u0171bb t\u00edpus. A TV s\u00edkban, k\u00f6zel a falhoz ker\u00fcl r\u00f6gz\u00edt\u00e9sre, nem d\u00f6nthet\u0151 vagy forgathat\u00f3. Kis helyig\u00e9ny\u0171, stabil megold\u00e1s.<\/p>\n\n\n\n<h3 class=\"wp-block-heading\"><a><\/a>D\u00f6nthet\u0151 konzol<\/h3>\n\n\n\n<p>Lehet\u0151v\u00e9 teszi a k\u00e9sz\u00fcl\u00e9k f\u00fcgg\u0151leges ir\u00e1nyban val\u00f3 megd\u00f6nt\u00e9s\u00e9t. K\u00fcl\u00f6n\u00f6sen hasznos, ha a t\u00e9v\u00e9t magasabb pontra szerelj\u00fck.<\/p>\n\n\n\n<h3 class=\"wp-block-heading\"><a><\/a>D\u00f6nthet\u0151-forgathat\u00f3 (karos) konzol<\/h3>\n\n\n\n<p>A legnagyobb szabads\u00e1got adja: oldalir\u00e1nyban is mozgathat\u00f3, el\u0151re-h\u00e1tra d\u00f6nthet\u0151. J\u00f3 v\u00e1laszt\u00e1s lehet, ha t\u00f6bb n\u00e9z\u0151pontb\u00f3l is szeretn\u00e9nk l\u00e1tni a k\u00e9perny\u0151t \u2013 p\u00e9ld\u00e1ul amerikai konyh\u00e1s nappaliban.<\/p>\n\n\n\n<h3 class=\"wp-block-heading\"><a><\/a>Gipszkartonra TV konzol<\/h3>\n\n\n\n<p>Speci\u00e1lis kivitel, amely figyelembe veszi a gipszkarton falak gyeng\u00e9bb teherb\u00edr\u00e1s\u00e1t. Fontos, hogy ehhez megfelel\u0151 tipliket \u00e9s r\u00f6gz\u00edt\u0151elemeket haszn\u00e1ljunk!<\/p>\n\n\n\n<h2 class=\"wp-block-heading\"><a><\/a>A TV falra szerel\u00e9se l\u00e9p\u00e9sr\u0151l l\u00e9p\u00e9sre<\/h2>\n\n\n\n<figure class=\"wp-block-image size-full\"><img loading=\"lazy\" decoding=\"async\" width=\"1000\" height=\"600\" src=\"https:\/\/euronics.hu\/blog\/wp-content\/uploads\/2025\/12\/TV-02.jpg\" alt=\"\" class=\"wp-image-6547\" srcset=\"https:\/\/euronics.hu\/blog\/wp-content\/uploads\/2025\/12\/TV-02.jpg 1000w, https:\/\/euronics.hu\/blog\/wp-content\/uploads\/2025\/12\/TV-02-300x180.jpg 300w, https:\/\/euronics.hu\/blog\/wp-content\/uploads\/2025\/12\/TV-02-768x461.jpg 768w, https:\/\/euronics.hu\/blog\/wp-content\/uploads\/2025\/12\/TV-02-551x331.jpg 551w, https:\/\/euronics.hu\/blog\/wp-content\/uploads\/2025\/12\/TV-02-542x325.jpg 542w\" sizes=\"auto, (max-width: 1000px) 100vw, 1000px\" \/><\/figure>\n\n\n\n<h3 class=\"wp-block-heading\"><a><\/a>1. A megfelel\u0151 hely kiv\u00e1laszt\u00e1sa<\/h3>\n\n\n\n<ul class=\"wp-block-list\">\n<li>Ne legyen k\u00f6zvetlen naps\u00fct\u00e9s vagy t\u00fal nagy h\u0151hat\u00e1s (pl. radi\u00e1tor felett).<\/li>\n\n\n\n<li>A n\u00e9z\u00e9si magass\u00e1g ide\u00e1lisan szemmagass\u00e1g k\u00f6r\u00fcl legyen.<\/li>\n\n\n\n<li>Gondoljuk \u00e1t, hol futnak a falban elektromos vezet\u00e9kek \u2013 ebben fesz\u00fclts\u00e9gdetektor seg\u00edthet.<\/li>\n<\/ul>\n\n\n\n<h3 class=\"wp-block-heading\"><a><\/a>2. Konzol r\u00f6gz\u00edt\u00e9se<\/h3>\n\n\n\n<ul class=\"wp-block-list\">\n<li>Jel\u00f6lj\u00fck be a konzol furatainak hely\u00e9t a falon.<\/li>\n\n\n\n<li>Haszn\u00e1ljunk v\u00edzm\u00e9rt\u00e9ket a pontos szintez\u00e9shez.<\/li>\n\n\n\n<li>Gipszkarton eset\u00e9n keress\u00fck meg a m\u00f6g\u00f6ttes fa vagy f\u00e9m v\u00e1zat, \u00e9s abba r\u00f6gz\u00edts\u00fck a konzolt \u2013 ez biztos\u00edtja a terhelhet\u0151s\u00e9get.<\/li>\n\n\n\n<li>Hagyom\u00e1nyos falakn\u00e1l (t\u00e9gla, beton) megfelel\u0151 tipli \u00e9s csavar elegend\u0151.<\/li>\n<\/ul>\n\n\n\n<h3 class=\"wp-block-heading\"><a><\/a>3. A konzol r\u00f6gz\u00edt\u00e9se a t\u00e9v\u00e9re<\/h3>\n\n\n\n<ul class=\"wp-block-list\">\n<li>Minden TV h\u00e1tulj\u00e1n tal\u00e1lhat\u00f3ak VESA-r\u00f6gz\u00edt\u0151pontok.<\/li>\n\n\n\n<li>A konzol csatlakoz\u00f3 r\u00e9sz\u00e9t csavarozzuk fel a t\u00e9v\u00e9 h\u00e1toldal\u00e1ra a megfelel\u0151 m\u00e9ret\u0171 csavarokkal.<\/li>\n<\/ul>\n\n\n\n<h3 class=\"wp-block-heading\"><a><\/a>4. A t\u00e9v\u00e9 felhelyez\u00e9se a falra<\/h3>\n\n\n\n<ul class=\"wp-block-list\">\n<li>K\u00e9t emberes feladat! \u00d3vatosan akasszuk fel a t\u00e9v\u00e9t a m\u00e1r r\u00f6gz\u00edtett fali r\u00e9szre.<\/li>\n\n\n\n<li>Ellen\u0151rizz\u00fck, hogy stabilan illeszkedik-e.<\/li>\n\n\n\n<li>Ha a konzol d\u00f6nthet\u0151 vagy mozgathat\u00f3, \u00e1ll\u00edtsuk be a k\u00edv\u00e1nt poz\u00edci\u00f3t.<\/li>\n<\/ul>\n\n\n\n<h2 class=\"wp-block-heading\"><a><\/a>Mire figyelj\u00fcnk gipszkarton faln\u00e1l?<\/h2>\n\n\n\n<p>A gipszkarton falba val\u00f3 r\u00f6gz\u00edt\u00e9s k\u00fcl\u00f6n\u00f6s odafigyel\u00e9st ig\u00e9nyel. A legfontosabbak:<\/p>\n\n\n\n<ul class=\"wp-block-list\">\n<li>Soha ne r\u00f6gz\u00edts\u00fcnk csak a kartonba! Keress\u00fck meg a m\u00f6g\u00f6ttes tart\u00f3elemeket (fa vagy f\u00e9m profilok), \u00e9s ezekhez r\u00f6gz\u00edts\u00fcnk.<\/li>\n\n\n\n<li>Speci\u00e1lis tipliket haszn\u00e1ljunk, p\u00e9ld\u00e1ul f\u00e9m vagy m\u0171anyag spir\u00e1l tipliket, amelyek sz\u00e9tfesz\u00fclnek a karton m\u00f6g\u00f6tt.<\/li>\n\n\n\n<li>Ne terhelj\u00fck t\u00fal a konzolt \u2013 figyelj\u00fck a gy\u00e1rt\u00f3 \u00e1ltal megadott maxim\u00e1lis terhelhet\u0151s\u00e9get!<\/li>\n<\/ul>\n\n\n\n<h2 class=\"wp-block-heading\"><a><\/a>K\u00e1belek elvezet\u00e9se \u00e9s eszt\u00e9tikai tippek<\/h2>\n\n\n\n<p>A k\u00e1belek elrejt\u00e9se eszt\u00e9tikusabb\u00e1 teszi az \u00f6sszk\u00e9pet:<\/p>\n\n\n\n<ul class=\"wp-block-list\">\n<li>Haszn\u00e1lhatunk k\u00e1belcsatorn\u00e1t, amelyet a falra ragasztunk vagy csavarozunk.<\/li>\n\n\n\n<li>Alternat\u00edv megold\u00e1s lehet a falba s\u00fcllyesztett k\u00e1belez\u00e9s, de ehhez komolyabb bark\u00e1cstapasztalat sz\u00fcks\u00e9ges.<\/li>\n\n\n\n<li>L\u00e9teznek kifejezetten TV-khez val\u00f3 k\u00e1belrendez\u0151 szettek is.<\/li>\n<\/ul>\n\n\n\n<h2 class=\"wp-block-heading\"><a><\/a>Mikor k\u00e9rj\u00fcnk szakembert?<\/h2>\n\n\n\n<p>B\u00e1r sokan saj\u00e1t kez\u0171leg is elboldogulnak a felszerel\u00e9ssel, bizonyos helyzetekben \u00e9rdemes szakembert h\u00edvni:<\/p>\n\n\n\n<ul class=\"wp-block-list\">\n<li>ha nem tudjuk pontosan, milyen a fal szerkezete,<\/li>\n\n\n\n<li>ha nincs megfelel\u0151 szersz\u00e1munk (pl. \u00fctvef\u00far\u00f3, fesz\u00fclts\u00e9gm\u00e9r\u0151),<\/li>\n\n\n\n<li>ha nagym\u00e9ret\u0171 (pl. 65 col feletti) t\u00e9v\u00e9t szereln\u00e9nk fel.<\/li>\n<\/ul>\n\n\n\n<h2 class=\"wp-block-heading\"><a><\/a>Hol tal\u00e1lhat\u00f3k a legjobb TV konzolok?<\/h2>\n\n\n\n<p>Az Euronics sz\u00e9les v\u00e1laszt\u00e9kban k\u00edn\u00e1l fali konzolokat, a fix tart\u00f3kt\u00f3l a mozgathat\u00f3, karos megold\u00e1sokig. Kiemelt figyelmet ford\u00edtunk a min\u0151s\u00e9gre, megb\u00edzhat\u00f3s\u00e1gra \u00e9s a k\u00f6nny\u0171 szerelhet\u0151s\u00e9gre. B\u00f6ng\u00e9ssz web\u00e1ruh\u00e1zunkban, \u00e9s tal\u00e1ld meg az ig\u00e9nyeidnek legink\u00e1bb megfelel\u0151 fali konzolt!<\/p>\n\n\n\n<p>A TV falra szerel\u00e9se k\u00f6r\u00fcltekint\u0151 tervez\u00e9st ig\u00e9nyel, \u00e9s fontos, hogy ne a tart\u00f3eszk\u00f6z\u00f6k min\u0151s\u00e9g\u00e9n sp\u00f3roljunk. A stabilan r\u00f6gz\u00edtett TV nem csup\u00e1n eszt\u00e9tikus l\u00e1tv\u00e1ny, de a biztons\u00e1got is garant\u00e1lja, hossz\u00fa t\u00e1von biztos\u00edtva az otthoni sz\u00f3rakoz\u00e1s k\u00e9nyelm\u00e9t.<\/p>\n\n\n\n<p>Ez ennyi.<\/p>\n","protected":false},"excerpt":{"rendered":"A TV falra szerel\u00e9se sz\u00e1mos el\u0151nnyel j\u00e1r: helyet takar\u00edt meg, eszt\u00e9tikusabb\u00e1 teszi a nappalit, \u00e9s cs\u00f6kkenti a balesetvesz\u00e9lyt. Azonban kulcsfontoss\u00e1g\u00fa a megfelel\u0151 fali konzol kiv\u00e1laszt\u00e1sa \u00e9s a prec\u00edz r\u00f6gz\u00edt\u00e9s, k\u00fcl\u00f6n\u00f6sen gipszkarton fal eset\u00e9n. \u00datmutat\u00f3nk bemutatja, milyen szempontokat kell figyelembe venni a konzol kiv\u00e1laszt\u00e1sakor, \u00e9s hogyan szerelhet\u0151 fel biztons\u00e1gosan a telev\u00edzi\u00f3. Mi\u00e9rt szerelj\u00fck falra a t\u00e9v\u00e9t? [&hellip;]","protected":false},"author":36,"featured_media":6545,"comment_status":"open","ping_status":"open","sticky":false,"template":"","format":"standard","meta":{"footnotes":""},"categories":[22],"tags":[],"class_list":["post-6544","post","type-post","status-publish","format-standard","has-post-thumbnail","hentry","category-televizio"],"_links":{"self":[{"href":"https:\/\/euronics.hu\/blog\/wp-json\/wp\/v2\/posts\/6544","targetHints":{"allow":["GET"]}}],"collection":[{"href":"https:\/\/euronics.hu\/blog\/wp-json\/wp\/v2\/posts"}],"about":[{"href":"https:\/\/euronics.hu\/blog\/wp-json\/wp\/v2\/types\/post"}],"author":[{"embeddable":true,"href":"https:\/\/euronics.hu\/blog\/wp-json\/wp\/v2\/users\/36"}],"replies":[{"embeddable":true,"href":"https:\/\/euronics.hu\/blog\/wp-json\/wp\/v2\/comments?post=6544"}],"version-history":[{"count":1,"href":"https:\/\/euronics.hu\/blog\/wp-json\/wp\/v2\/posts\/6544\/revisions"}],"predecessor-version":[{"id":6548,"href":"https:\/\/euronics.hu\/blog\/wp-json\/wp\/v2\/posts\/6544\/revisions\/6548"}],"wp:featuredmedia":[{"embeddable":true,"href":"https:\/\/euronics.hu\/blog\/wp-json\/wp\/v2\/media\/6545"}],"wp:attachment":[{"href":"https:\/\/euronics.hu\/blog\/wp-json\/wp\/v2\/media?parent=6544"}],"wp:term":[{"taxonomy":"category","embeddable":true,"href":"https:\/\/euronics.hu\/blog\/wp-json\/wp\/v2\/categories?post=6544"},{"taxonomy":"post_tag","embeddable":true,"href":"https:\/\/euronics.hu\/blog\/wp-json\/wp\/v2\/tags?post=6544"}],"curies":[{"name":"wp","href":"https:\/\/api.w.org\/{rel}","templated":true}]}}